{"id":305,"date":"2012-02-15T21:43:44","date_gmt":"2012-02-15T20:43:44","guid":{"rendered":"http:\/\/www.bartelsfoto.com\/wp\/?p=305"},"modified":"2012-02-15T21:44:11","modified_gmt":"2012-02-15T20:44:11","slug":"falk-s400-navi-arger-ohne-ende","status":"publish","type":"post","link":"https:\/\/www.bartelsfoto.com\/wp\/falk-s400-navi-arger-ohne-ende\/","title":{"rendered":"Falk S400 Navi &#8211; \u00c4rger ohne Ende"},"content":{"rendered":"<p>Wer sich mal richtig \u00fcber ein Navi \u00e4rgern will, dem empfehle ich ein Falk S400 zu kaufen (okay wird schwer, gibts vielleicht nur noch Restpostenweise).<\/p>\n<p>Davon ab, die Software ist denke ich mal bei den anderen Navigationsger\u00e4ten aus diesem Hause auch nicht besser.<\/p>\n<p>Das Problem ist die extrem umst\u00e4ndliche Software Falk Navi Manager.<\/p>\n<p>Wenn ein Kartenupdate kommt (was ja an sich l\u00f6blich ist), dann richtet Euch besser drauf ein, dass Ihr damit ein oder zwei Abende besch\u00e4ftigt seid.<br \/>\nWenn Ihr euch Zusatzdienste kauft, die Ihr nur im Ausland benutzen d\u00fcrft (einen Blitzerwarner zum Beispiel), dann glaubt nicht, dass die Software nach der Installation des Dienstes auch gleich die ben\u00f6tigten Daten mit \u00fcberspielt, nein dazu d\u00fcrft Ihr die Software neu starten, das Navi neu ankuppeln und alles von vorn, auch das kann einen einen sch\u00f6nen Restabend lang auf Trab halten. Ach &#8211; vielleicht hat sie doch \u00fcberspielt, das Navi zeigt beim Starten vielleicht einfach nur f\u00e4lschlicherweise an, das dem nicht so ist? Ach, naja, dann ist eben die Navi Software selber Gr\u00fctze. Jawohl ist sie, lahm, tr\u00e4ge, schlecht zu bedienen, umst\u00e4ndliche Men\u00fcf\u00fchrung und krude Falschmeldungen. Das man den o.g. Zusatz-Auslandsdienst dann bei jeder Fahrt neu starten muss, ist dann nur noch ein kleines \u00c4rgernis am Rande.<\/p>\n<p>Das einzige was dieses Navi vor der Elektroschrott-Recyclingtonne rettet, ist die Tatsache, dass es bei erzwungenen Routen\u00e4nderungen wie sie in Innenst\u00e4dten schon mal vorkommen k\u00f6nnen wirklich sehr schnell eine neue Route berechnet.<\/p>\n<p>Naja, das war ein knappes Entrinnen.<\/p>\n<p>Bis zum n\u00e4chsten Mal, wenn ich aus irgendeinem Grund wieder diesen Falk Navi Manager anschmeissen muss, dann schmeiss ich nicht nur den an, sondern vielleicht gleich lieber das Navi weg.<\/p>\n<p>Wie war das noch gleich: Ich hab sooooon Hals&#8230;!<br \/>\nSo long, Andreas.<\/p>\n","protected":false},"excerpt":{"rendered":"<p>Wer sich mal richtig \u00fcber ein Navi \u00e4rgern will, dem empfehle ich ein Falk S400 zu kaufen (okay wird schwer, gibts vielleicht nur noch Restpostenweise). Davon ab, die Software ist denke ich mal bei den anderen Navigationsger\u00e4ten aus diesem Hause &hellip; <a href=\"https:\/\/www.bartelsfoto.com\/wp\/falk-s400-navi-arger-ohne-ende\/\">Weiterlesen <span class=\"meta-nav\">&rarr;<\/span><\/a><\/p>\n","protected":false},"author":1,"featured_media":0,"comment_status":"closed","ping_status":"open","sticky":false,"template":"","format":"standard","meta":{"footnotes":""},"categories":[7],"tags":[53,55,54],"class_list":["post-305","post","type-post","status-publish","format-standard","hentry","category-technoblog","tag-falk","tag-falk-navi-manager","tag-s400"],"_links":{"self":[{"href":"https:\/\/www.bartelsfoto.com\/wp\/wp-json\/wp\/v2\/posts\/305","targetHints":{"allow":["GET"]}}],"collection":[{"href":"https:\/\/www.bartelsfoto.com\/wp\/wp-json\/wp\/v2\/posts"}],"about":[{"href":"https:\/\/www.bartelsfoto.com\/wp\/wp-json\/wp\/v2\/types\/post"}],"author":[{"embeddable":true,"href":"https:\/\/www.bartelsfoto.com\/wp\/wp-json\/wp\/v2\/users\/1"}],"replies":[{"embeddable":true,"href":"https:\/\/www.bartelsfoto.com\/wp\/wp-json\/wp\/v2\/comments?post=305"}],"version-history":[{"count":6,"href":"https:\/\/www.bartelsfoto.com\/wp\/wp-json\/wp\/v2\/posts\/305\/revisions"}],"predecessor-version":[{"id":312,"href":"https:\/\/www.bartelsfoto.com\/wp\/wp-json\/wp\/v2\/posts\/305\/revisions\/312"}],"wp:attachment":[{"href":"https:\/\/www.bartelsfoto.com\/wp\/wp-json\/wp\/v2\/media?parent=305"}],"wp:term":[{"taxonomy":"category","embeddable":true,"href":"https:\/\/www.bartelsfoto.com\/wp\/wp-json\/wp\/v2\/categories?post=305"},{"taxonomy":"post_tag","embeddable":true,"href":"https:\/\/www.bartelsfoto.com\/wp\/wp-json\/wp\/v2\/tags?post=305"}],"curies":[{"name":"wp","href":"https:\/\/api.w.org\/{rel}","templated":true}]}}